{"id":98,"date":"2016-10-04T15:31:49","date_gmt":"2016-10-04T13:31:49","guid":{"rendered":"http:\/\/www.linsengerichter-baumschule.de\/?p=98"},"modified":"2016-10-04T15:44:52","modified_gmt":"2016-10-04T13:44:52","slug":"infos-zum-thema-apfelallergie","status":"publish","type":"post","link":"http:\/\/www.linsengerichter-baumschule.de\/?p=98","title":{"rendered":"Infos zum Thema Apfelallergie"},"content":{"rendered":"<p>Die Obsternte ist in vollem Gange und die Pflanzzeit steht unmittelbar bevor.<\/p>\n<p>F\u00fcr viele Menschen ist die Freude aber alles andere als ungetr\u00fcbt, denn bereits 20 Prozent der Allgemeinbev\u00f6lkerung in westlichen L\u00e4ndern leiden unter einer Nahrungsmittelunvertr\u00e4glichkeit \u2013 Tendenz steigend.<\/p>\n<p>Dabei gibt es durchaus L\u00f6sungen, zumindest bei \u00c4pfeln. Der BUND-Lemgo hat einen sehr guten <b><a href=\"http:\/\/www.bund-lemgo.de\/apfelallergie.html\" target=\"_blank\">Artikel<\/a><\/b> zum Thema ver\u00f6ffentlicht und auch diese Liste zusammen gestellt.<\/p>\n<p>&nbsp;<\/p>\n<div align=\"center\">\n<img src=\"wp-content\/uploads\/2016\/10\/01-Apfelallergie-Sortenliste-allgemein-jpg.jpg\" style=\"border: 1px solid black; width: 90%; height: auto; \" \/>\n<\/div>\n","protected":false},"excerpt":{"rendered":"<p>Die Obsternte ist in vollem Gange und die Pflanzzeit steht unmittelbar bevor. F\u00fcr viele Menschen ist die Freude aber alles andere als ungetr\u00fcbt, denn bereits 20 Prozent der Allgemeinbev\u00f6lkerung in westlichen L\u00e4ndern leiden unter einer Nahrungsmittelunvertr\u00e4glichkeit \u2013 Tendenz steigend. Dabei gibt es durchaus L\u00f6sungen, zumindest bei \u00c4pfeln. Der BUND-Lemgo hat einen sehr guten Artikel zum [&hellip;]<\/p>\n","protected":false},"author":1,"featured_media":0,"comment_status":"open","ping_status":"open","sticky":false,"template":"","format":"standard","meta":[],"categories":[1],"tags":[12,5],"_links":{"self":[{"href":"http:\/\/www.linsengerichter-baumschule.de\/index.php?rest_route=\/wp\/v2\/posts\/98"}],"collection":[{"href":"http:\/\/www.linsengerichter-baumschule.de\/index.php?rest_route=\/wp\/v2\/posts"}],"about":[{"href":"http:\/\/www.linsengerichter-baumschule.de\/index.php?rest_route=\/wp\/v2\/types\/post"}],"author":[{"embeddable":true,"href":"http:\/\/www.linsengerichter-baumschule.de\/index.php?rest_route=\/wp\/v2\/users\/1"}],"replies":[{"embeddable":true,"href":"http:\/\/www.linsengerichter-baumschule.de\/index.php?rest_route=%2Fwp%2Fv2%2Fcomments&post=98"}],"version-history":[{"count":6,"href":"http:\/\/www.linsengerichter-baumschule.de\/index.php?rest_route=\/wp\/v2\/posts\/98\/revisions"}],"predecessor-version":[{"id":105,"href":"http:\/\/www.linsengerichter-baumschule.de\/index.php?rest_route=\/wp\/v2\/posts\/98\/revisions\/105"}],"wp:attachment":[{"href":"http:\/\/www.linsengerichter-baumschule.de\/index.php?rest_route=%2Fwp%2Fv2%2Fmedia&parent=98"}],"wp:term":[{"taxonomy":"category","embeddable":true,"href":"http:\/\/www.linsengerichter-baumschule.de\/index.php?rest_route=%2Fwp%2Fv2%2Fcategories&post=98"},{"taxonomy":"post_tag","embeddable":true,"href":"http:\/\/www.linsengerichter-baumschule.de\/index.php?rest_route=%2Fwp%2Fv2%2Ftags&post=98"}],"curies":[{"name":"wp","href":"https:\/\/api.w.org\/{rel}","templated":true}]}}