{"id":49,"date":"2019-10-07T15:17:46","date_gmt":"2019-10-07T13:17:46","guid":{"rendered":"http:\/\/www.linsengerichter-baumschule.de\/?p=49"},"modified":"2019-10-08T01:19:51","modified_gmt":"2019-10-07T23:19:51","slug":"die-sortimentsliste-fuer-herbst-2016-fruehjahr-2017-ist-online","status":"publish","type":"post","link":"http:\/\/www.linsengerichter-baumschule.de\/?p=49","title":{"rendered":"Die Sortimentsliste f\u00fcr Herbst 2019 \/ Fr\u00fchjahr 2020 ist online"},"content":{"rendered":"<p><img class=\"bild20\" src=\"wp-content\/themes\/Linsen 3\/div\/Kacheln\/19.jpg\" align=\"left\" \/>Aufgrund der langanhaltenden trockenen Witterung beginnt unser Verkauf der B\u00e4ume und Str\u00e4ucher vorraussichtlich erst Anfang November.<br \/>\nDa wir die Baumschulproduktion im Nebenerwerb betreiben haben wir keine \u00d6ffnungszeiten sondern verkaufen die B\u00e4ume erst nach telefonischer Absprache und vereinbaren daf\u00fcr gezielt Termine.<br \/>\nWir produzieren oft nur kleine St\u00fcckzahlen, deshalb ist eine Reservierung m\u00f6glich und empfehlenswert.<\/p>\n<p><b><a href=\"?page_id=16\">Zur Vorratsliste<\/a><\/b><\/p>\n<p>&nbsp;<\/p>\n","protected":false},"excerpt":{"rendered":"<p>Aufgrund der langanhaltenden trockenen Witterung beginnt unser Verkauf der B\u00e4ume und Str\u00e4ucher vorraussichtlich erst Anfang November. Da wir die Baumschulproduktion im Nebenerwerb betreiben haben wir keine \u00d6ffnungszeiten sondern verkaufen die B\u00e4ume erst nach telefonischer Absprache und vereinbaren daf\u00fcr gezielt Termine. Wir produzieren oft nur kleine St\u00fcckzahlen, deshalb ist eine Reservierung m\u00f6glich und empfehlenswert. Zur Vorratsliste [&hellip;]<\/p>\n","protected":false},"author":1,"featured_media":0,"comment_status":"open","ping_status":"open","sticky":false,"template":"","format":"standard","meta":[],"categories":[1],"tags":[11],"_links":{"self":[{"href":"http:\/\/www.linsengerichter-baumschule.de\/index.php?rest_route=\/wp\/v2\/posts\/49"}],"collection":[{"href":"http:\/\/www.linsengerichter-baumschule.de\/index.php?rest_route=\/wp\/v2\/posts"}],"about":[{"href":"http:\/\/www.linsengerichter-baumschule.de\/index.php?rest_route=\/wp\/v2\/types\/post"}],"author":[{"embeddable":true,"href":"http:\/\/www.linsengerichter-baumschule.de\/index.php?rest_route=\/wp\/v2\/users\/1"}],"replies":[{"embeddable":true,"href":"http:\/\/www.linsengerichter-baumschule.de\/index.php?rest_route=%2Fwp%2Fv2%2Fcomments&post=49"}],"version-history":[{"count":6,"href":"http:\/\/www.linsengerichter-baumschule.de\/index.php?rest_route=\/wp\/v2\/posts\/49\/revisions"}],"predecessor-version":[{"id":165,"href":"http:\/\/www.linsengerichter-baumschule.de\/index.php?rest_route=\/wp\/v2\/posts\/49\/revisions\/165"}],"wp:attachment":[{"href":"http:\/\/www.linsengerichter-baumschule.de\/index.php?rest_route=%2Fwp%2Fv2%2Fmedia&parent=49"}],"wp:term":[{"taxonomy":"category","embeddable":true,"href":"http:\/\/www.linsengerichter-baumschule.de\/index.php?rest_route=%2Fwp%2Fv2%2Fcategories&post=49"},{"taxonomy":"post_tag","embeddable":true,"href":"http:\/\/www.linsengerichter-baumschule.de\/index.php?rest_route=%2Fwp%2Fv2%2Ftags&post=49"}],"curies":[{"name":"wp","href":"https:\/\/api.w.org\/{rel}","templated":true}]}}