{"id":110,"date":"2016-10-24T01:47:40","date_gmt":"2016-10-23T23:47:40","guid":{"rendered":"http:\/\/www.linsengerichter-baumschule.de\/?p=110"},"modified":"2016-10-28T06:43:54","modified_gmt":"2016-10-28T04:43:54","slug":"apfelsorte-doberaner-renette","status":"publish","type":"post","link":"http:\/\/www.linsengerichter-baumschule.de\/?p=110","title":{"rendered":"Apfelsorte: Doberaner Renette"},"content":{"rendered":"<p><a href=\"javascript:bild('a1')\" title=\"Zum Vergr\u00f6\u00dfern\/Verkleinern anklicken\"><img src=\"pic\/Obstsorten\/Doberaner.jpg\" align=\"left\" id=\"a1\" class=\"bild30\" alt=\"Doberaner Renette\" \/><\/a>In der zweiten H\u00e4lfte des 19. Jahrhunderts in Bad Doberan (Mecklenburg) entstanden, seit 1898 im Handel.<br \/>\nStammt von Vorl\u00e4ufern (Borsdorfer Apfel), die um 1200 von Zisterzienser M\u00f6nchen im Zuge des Filiationsprozesses vom Mutterkloster Amelungsborn ins Tochterkloster Doberan gebracht wurden.<br \/>\nDieses besa\u00df bereits 1273 ein Gew\u00e4chshaus, um die mitgebrachten Obstsorten weiter zu z\u00fcchten.<\/p>\n<p>Mittelgro\u00dfe, gelb-rote Frucht, bei Vollreife leicht ins Violette spielend.<br \/>\nFestes gr\u00fcnlich-wei\u00dfes Fruchtfleisch, feinzellig, saftig, feins\u00e4uerlich bei vorherrschender S\u00fc\u00dfe, sehr aromatisch.<\/p>\n<table>\n<tbody>\n<tr>\n<td>Klassifizierung:<\/td>\n<td><b>Winterapfel<\/b><\/td>\n<\/tr>\n<tr>\n<td>Erntemonat:<\/td>\n<td><b>Oktober<\/b><\/td>\n<\/tr>\n<tr>\n<td>Haltbarkeit:<\/td>\n<td><b>Februar<\/b><\/td>\n<\/tr>\n<tr>\n<td>Verwendungszweck:<\/td>\n<td><b>Wirtschaftsobst, Tafelobst<\/b><\/td>\n<\/tr>\n<tr>\n<td>Standort:<\/td>\n<td><b>ben\u00f6tigt gute N\u00e4hrstoffversorgung<\/b><\/td>\n<\/tr>\n<\/tbody>\n<\/table>\n<p>Sehr fruchtbar, gute Ertr\u00e4ge, hohe Widerstandskraft gegen\u00fcber Krankheiten und Sch\u00e4dlingen.<\/p>\n<p><br clear=\"all\"><br \/>\n<a href=\"javascript:bild('a2')\" title=\"Zum Vergr\u00f6\u00dfern\/Verkleinern anklicken\"><img src=\"pic\/Obstsorten\/Doberaner2.jpg\" align=\"left\" id=\"a2\" class=\"bild30\" alt=\"Doberaner Baum bl\u00fchend\" \/><\/a><a class=\"bildlink\" href=\"javascript:bild('a3')\" title=\"Zum Vergr\u00f6\u00dfern\/Verkleinern anklicken\"><img src=\"pic\/Obstsorten\/Doberaner4.jpg\" id=\"a3\" class=\"bild30m\" alt=\"Doberaner Baum im Sommer\" \/><\/a><a href=\"javascript:bild('a4')\" title=\"Zum Vergr\u00f6\u00dfern\/Verkleinern anklicken\"><img src=\"pic\/Obstsorten\/Doberaner3.jpg\" align=\"right\" id=\"a4\" class=\"bild30r\" alt=\"Doberaner Baum mit Fr\u00fcchten\" \/><\/a><\/p>\n","protected":false},"excerpt":{"rendered":"<p>In der zweiten H\u00e4lfte des 19. Jahrhunderts in Bad Doberan (Mecklenburg) entstanden, seit 1898 im Handel. Stammt von Vorl\u00e4ufern (Borsdorfer Apfel), die um 1200 von Zisterzienser M\u00f6nchen im Zuge des Filiationsprozesses vom Mutterkloster Amelungsborn ins Tochterkloster Doberan gebracht wurden. Dieses besa\u00df bereits 1273 ein Gew\u00e4chshaus, um die mitgebrachten Obstsorten weiter zu z\u00fcchten. Mittelgro\u00dfe, gelb-rote Frucht, [&hellip;]<\/p>\n","protected":false},"author":1,"featured_media":0,"comment_status":"open","ping_status":"open","sticky":false,"template":"","format":"standard","meta":[],"categories":[13],"tags":[14],"_links":{"self":[{"href":"http:\/\/www.linsengerichter-baumschule.de\/index.php?rest_route=\/wp\/v2\/posts\/110"}],"collection":[{"href":"http:\/\/www.linsengerichter-baumschule.de\/index.php?rest_route=\/wp\/v2\/posts"}],"about":[{"href":"http:\/\/www.linsengerichter-baumschule.de\/index.php?rest_route=\/wp\/v2\/types\/post"}],"author":[{"embeddable":true,"href":"http:\/\/www.linsengerichter-baumschule.de\/index.php?rest_route=\/wp\/v2\/users\/1"}],"replies":[{"embeddable":true,"href":"http:\/\/www.linsengerichter-baumschule.de\/index.php?rest_route=%2Fwp%2Fv2%2Fcomments&post=110"}],"version-history":[{"count":23,"href":"http:\/\/www.linsengerichter-baumschule.de\/index.php?rest_route=\/wp\/v2\/posts\/110\/revisions"}],"predecessor-version":[{"id":138,"href":"http:\/\/www.linsengerichter-baumschule.de\/index.php?rest_route=\/wp\/v2\/posts\/110\/revisions\/138"}],"wp:attachment":[{"href":"http:\/\/www.linsengerichter-baumschule.de\/index.php?rest_route=%2Fwp%2Fv2%2Fmedia&parent=110"}],"wp:term":[{"taxonomy":"category","embeddable":true,"href":"http:\/\/www.linsengerichter-baumschule.de\/index.php?rest_route=%2Fwp%2Fv2%2Fcategories&post=110"},{"taxonomy":"post_tag","embeddable":true,"href":"http:\/\/www.linsengerichter-baumschule.de\/index.php?rest_route=%2Fwp%2Fv2%2Ftags&post=110"}],"curies":[{"name":"wp","href":"https:\/\/api.w.org\/{rel}","templated":true}]}}